{"id":4623,"date":"2021-03-10T17:40:58","date_gmt":"2021-03-10T20:40:58","guid":{"rendered":"http:\/\/apps.univesp.br\/repositorio\/?p=4623"},"modified":"2025-05-13T10:41:18","modified_gmt":"2025-05-13T13:41:18","slug":"plano-de-aula","status":"publish","type":"post","link":"https:\/\/apps.univesp.br\/repositorio\/plano-de-aula\/","title":{"rendered":"Plano de aula"},"content":{"rendered":"\n<div class=\"wp-block-cover is-position-center-center\" style=\"min-height:420px;aspect-ratio:unset;\"><img fetchpriority=\"high\" decoding=\"async\" width=\"522\" height=\"275\" data-attachment-id=\"4625\" data-permalink=\"https:\/\/apps.univesp.br\/repositorio\/plano-de-aula\/fb-share-65\/\" data-orig-file=\"https:\/\/i0.wp.com\/apps.univesp.br\/repositorio\/wp-content\/uploads\/2021\/03\/fb-share.png?fit=1201%2C632&amp;ssl=1\" data-orig-size=\"1201,632\" data-comments-opened=\"0\" data-image-meta=\"{&quot;aperture&quot;:&quot;0&quot;,&quot;credit&quot;:&quot;&quot;,&quot;camera&quot;:&quot;&quot;,&quot;caption&quot;:&quot;&quot;,&quot;created_timestamp&quot;:&quot;0&quot;,&quot;copyright&quot;:&quot;&quot;,&quot;focal_length&quot;:&quot;0&quot;,&quot;iso&quot;:&quot;0&quot;,&quot;shutter_speed&quot;:&quot;0&quot;,&quot;title&quot;:&quot;&quot;,&quot;orientation&quot;:&quot;0&quot;}\" data-image-title=\"fb-share\" data-image-description=\"\" data-image-caption=\"\" data-medium-file=\"https:\/\/i0.wp.com\/apps.univesp.br\/repositorio\/wp-content\/uploads\/2021\/03\/fb-share.png?fit=700%2C368&amp;ssl=1\" data-large-file=\"https:\/\/i0.wp.com\/apps.univesp.br\/repositorio\/wp-content\/uploads\/2021\/03\/fb-share.png?fit=522%2C275&amp;ssl=1\" class=\"wp-block-cover__image-background wp-image-4625\" alt=\"\" src=\"https:\/\/i0.wp.com\/apps.univesp.br\/repositorio\/wp-content\/uploads\/2021\/03\/fb-share.png?resize=522%2C275&#038;ssl=1\" style=\"object-position:53% 41%\" data-object-fit=\"cover\" data-object-position=\"53% 41%\" srcset=\"https:\/\/i0.wp.com\/apps.univesp.br\/repositorio\/wp-content\/uploads\/2021\/03\/fb-share.png?w=1201&amp;ssl=1 1201w, https:\/\/i0.wp.com\/apps.univesp.br\/repositorio\/wp-content\/uploads\/2021\/03\/fb-share.png?resize=700%2C368&amp;ssl=1 700w, https:\/\/i0.wp.com\/apps.univesp.br\/repositorio\/wp-content\/uploads\/2021\/03\/fb-share.png?resize=1024%2C539&amp;ssl=1 1024w, https:\/\/i0.wp.com\/apps.univesp.br\/repositorio\/wp-content\/uploads\/2021\/03\/fb-share.png?resize=150%2C79&amp;ssl=1 150w, https:\/\/i0.wp.com\/apps.univesp.br\/repositorio\/wp-content\/uploads\/2021\/03\/fb-share.png?resize=768%2C404&amp;ssl=1 768w, https:\/\/i0.wp.com\/apps.univesp.br\/repositorio\/wp-content\/uploads\/2021\/03\/fb-share.png?resize=100%2C53&amp;ssl=1 100w, https:\/\/i0.wp.com\/apps.univesp.br\/repositorio\/wp-content\/uploads\/2021\/03\/fb-share.png?resize=295%2C155&amp;ssl=1 295w, https:\/\/i0.wp.com\/apps.univesp.br\/repositorio\/wp-content\/uploads\/2021\/03\/fb-share.png?resize=660%2C347&amp;ssl=1 660w, https:\/\/i0.wp.com\/apps.univesp.br\/repositorio\/wp-content\/uploads\/2021\/03\/fb-share.png?resize=800%2C421&amp;ssl=1 800w, https:\/\/i0.wp.com\/apps.univesp.br\/repositorio\/wp-content\/uploads\/2021\/03\/fb-share.png?resize=512%2C269&amp;ssl=1 512w\" sizes=\"(max-width: 522px) 100vw, 522px\" data-recalc-dims=\"1\" \/><div class=\"wp-block-cover__inner-container is-layout-flow wp-block-cover-is-layout-flow\">\n<p class=\"has-text-align-center has-large-font-size\"><\/p>\n<\/div><\/div>\n\n\n\n<p><br><\/p>\n\n\n\n<p>Planejar e pensar o que e como os alunos dever\u00e3o aprender faz parte da rotina do professor, que precisa organizar suas aulas, preparar as atividades que os alunos v\u00e3o fazer e selecionar os recursos que ser\u00e3o utilizados. Para que a aplica\u00e7\u00e3o de uma sequ\u00eancia de atividades seja bem organizada, \u00e9 fundamental que o professor elabore um plano de aula para ela. Um plano de aula cont\u00e9m as informa\u00e7\u00f5es referentes ao <strong>planejamento das atividades<\/strong> que o professor pretende aplicar em sua turma. Levando em considera\u00e7\u00e3o essa import\u00e2ncia, este recurso tem como objetivo explicar os elementos que comp\u00f5em um plano de aula, bem como permitir que o usu\u00e1rio crie seu pr\u00f3prio plano por meio de um template edit\u00e1vel.<\/p>\n\n\n\n<p>Vamos l\u00e1?<\/p>\n\n\n\n<div class=\"wp-block-ugb-button ugb-button-wrapper ugb-button--design-plain ugb-18ddc87 ugb-main-block\"><style>.ugb-18ddc87 .ugb-block-content{justify-content:flex-start !important}.ugb-18ddc87 .ugb-button1{background-color:#ed3b48;border-radius:1px !important}.ugb-18ddc87 .ugb-button1 .ugb-button--inner,.ugb-18ddc87 .ugb-button1 svg:not(.ugb-custom-icon){color:#ffffff !important}.ugb-18ddc87 .ugb-button1:before{border-radius:1px !important}.ugb-18ddc87 .ugb-inner-block{text-align:left}<\/style><div class=\"ugb-inner-block\"><div class=\"ugb-block-content\"><div class=\"ugb-button-container\"><a class=\"ugb-button1 ugb-button ugb-button--size-medium\" href=\"https:\/\/apps.univesp.br\/plano-de-aula\" target=\"_blank\" rel=\"noopener noreferrer\" title=\"\"><span class=\"ugb-button--inner\">Visite<\/span><\/a><\/div><\/div><\/div><\/div>\n\n\n\n<div class=\"wp-block-ugb-spacer ugb-spacer ugb-5b0da42 ugb-spacer--v2 ugb-main-block\"><style>@media screen and (min-width:768px){.ugb-5b0da42.ugb-spacer{height:50px !important}}<\/style><div class=\"ugb-inner-block\"><div class=\"ugb-block-content\"><div class=\"ugb-spacer--inner\"><\/div><\/div><\/div><\/div>\n\n\n\n<div class=\"wp-block-ugb-container ugb-container ugb-d48f280 ugb-container--v2 ugb-container--design-basic ugb-main-block\"><style>.ugb-d48f280-wrapper.ugb-container__wrapper{border-radius:0px !important;padding-top:0 !important;padding-bottom:0 !important;background-color:#f1f1f1 !important}.ugb-d48f280-wrapper > .ugb-container__side{padding-top:35px !important;padding-bottom:35px !important}.ugb-d48f280-wrapper.ugb-container__wrapper:before{background-color:#f1f1f1 !important}.ugb-d48f280-content-wrapper > h1,.ugb-d48f280-content-wrapper > h2,.ugb-d48f280-content-wrapper > h3,.ugb-d48f280-content-wrapper > h4,.ugb-d48f280-content-wrapper > h5,.ugb-d48f280-content-wrapper > h6{color:#222222}.ugb-d48f280-content-wrapper > p,.ugb-d48f280-content-wrapper > ol li,.ugb-d48f280-content-wrapper > ul li{color:#222222}@media screen and (min-width:768px){.ugb-d48f280-content-wrapper.ugb-container__content-wrapper{width:100% !important}}<\/style><div class=\"ugb-inner-block\"><div class=\"ugb-block-content\"><div class=\"ugb-container__wrapper ugb-d48f280-wrapper ugb--shadow-3\"><div class=\"ugb-container__side\"><div class=\"ugb-container__content-wrapper ugb-d48f280-content-wrapper\">\n<h5 class=\"wp-block-heading\">EQUIPE RESPONS\u00c1VEL<\/h5>\n\n\n\n<p><strong>Coordena\u00e7\u00e3o:<\/strong>&nbsp;Cristian Degasperi Guilhen<br><strong>Roteiriza\u00e7\u00e3o e Design Instrucional:<\/strong>&nbsp; Andressa Rubim e Renata Augusto de Carvalho<br><strong>Ilustra\u00e7\u00e3o e Layout<\/strong>:  Natasha Higa<br><strong>Programa\u00e7\u00e3o:<\/strong>&nbsp; Alberto Ortiz<br><strong>Revis\u00e3o:<\/strong>   July dos Santos Silva<\/p>\n<\/div><\/div><\/div><\/div><\/div><\/div>\n\n\n\n<div class=\"wp-block-ugb-spacer ugb-spacer ugb-bcfd2ba ugb-spacer--v2 ugb-main-block\"><style>@media screen and (min-width:768px){.ugb-bcfd2ba.ugb-spacer{height:50px !important}}<\/style><div class=\"ugb-inner-block\"><div class=\"ugb-block-content\"><div class=\"ugb-spacer--inner\"><\/div><\/div><\/div><\/div>\n\n\n\t\t\t\t<div class = \"wp-block-uagb-cf7-styler uagb-cf7-styler__outer-wrap uagb-block-d0630e4b   \">\n\t\t\t\t\t<div class = \"uagb-cf7-styler__align-left uagb-cf7-styler__field-style-underline uagb-cf7-styler__btn-align-right uagb-cf7-styler__highlight-style-default uagb-cf7-styler__check-style-enabled\">\n\t\t\t\t\t<div role=\"form\" class=\"wpcf7\" id=\"wpcf7-f4126-o1\" lang=\"pt-BR\" dir=\"ltr\">\n<div class=\"screen-reader-response\"><p role=\"status\" aria-live=\"polite\" aria-atomic=\"true\"><\/p> <ul><\/ul><\/div>\n<form action=\"\/repositorio\/wp-json\/wp\/v2\/posts\/4623#wpcf7-f4126-o1\" method=\"post\" class=\"wpcf7-form init\" novalidate=\"novalidate\" data-status=\"init\">\n<div style=\"display: none;\">\n<input type=\"hidden\" name=\"_wpcf7\" value=\"4126\" \/>\n<input type=\"hidden\" name=\"_wpcf7_version\" value=\"5.4.2\" \/>\n<input type=\"hidden\" name=\"_wpcf7_locale\" value=\"pt_BR\" \/>\n<input type=\"hidden\" name=\"_wpcf7_unit_tag\" value=\"wpcf7-f4126-o1\" \/>\n<input type=\"hidden\" name=\"_wpcf7_container_post\" value=\"0\" \/>\n<input type=\"hidden\" name=\"_wpcf7_posted_data_hash\" value=\"\" \/>\n<\/div>\n<h4>Utilizou ou pretende utilizar este REA? Conte-nos mais!<\/h4>\n<div style=\"margin-bottom:0\">\n<label><\/p>\n<p style=\"font-size:13px;color:gray\">Gostar\u00edamos de saber como e onde o REA est\u00e1 sendo aplicado. Igual ao original? Adaptado? Para qual curso e p\u00fablico? Estamos curiosos \ud83d\ude42<br\/><\/p>\n<p><span class=\"wpcf7-form-control-wrap mensagem\"><textarea name=\"mensagem\" cols=\"40\" rows=\"10\" class=\"wpcf7-form-control wpcf7-textarea wpcf7-validates-as-required\" aria-required=\"true\" aria-invalid=\"false\"><\/textarea><\/span><br \/>\n<\/label>\n<\/div>\n<div style=\"display:flex\">\n<div style=\"margin-right:30px\">\n<label>Seu nome<br \/>\n<span class=\"wpcf7-form-control-wrap nome\"><input type=\"text\" name=\"nome\" value=\"\" size=\"40\" class=\"wpcf7-form-control wpcf7-text\" aria-invalid=\"false\" \/><\/span><\/label>\n<\/div>\n<div>\n<label>Seu e-mail<br \/>\n<span class=\"wpcf7-form-control-wrap contato\"><input type=\"email\" name=\"contato\" value=\"\" size=\"40\" class=\"wpcf7-form-control wpcf7-text wpcf7-email wpcf7-validates-as-email\" aria-invalid=\"false\" \/><\/span><\/label>\n<\/div>\n<\/div>\n<p><label>O que voc\u00ea faz?<br \/>\n<span class=\"wpcf7-form-control-wrap profissao\"><select name=\"profissao\" class=\"wpcf7-form-control wpcf7-select wpcf7-validates-as-required\" aria-required=\"true\" aria-invalid=\"false\"><option value=\"\">&#8212;<\/option><option value=\"Sou Aluno\">Sou Aluno<\/option><option value=\"Sou Designer\">Sou Designer<\/option><option value=\"Sou Designer Instrucional\">Sou Designer Instrucional<\/option><option value=\"Sou Professor\">Sou Professor<\/option><option value=\"Sou Programador\">Sou Programador<\/option><option value=\"Outro\">Outro<\/option><\/select><\/span><\/label><\/p>\n<p><input type=\"submit\" value=\"Enviar\" class=\"wpcf7-form-control wpcf7-submit\" \/><\/p>\n<div class=\"wpcf7-response-output\" aria-hidden=\"true\"><\/div><\/form><\/div>\t\t\t\t\t<\/div>\n\t\t\t\t<\/div>\n\t\t\t\t\n\n\n<p><\/p>\n\n\n<p><!--EndFragment--><\/p>\n<p><!--EndFragment--><\/p>\n<p><!--EndFragment--><\/p>\n\n\n<p><\/p>\n","protected":false},"excerpt":{"rendered":"<p>Planejar e pensar o que e como os alunos dever\u00e3o aprender faz parte da rotina do professor, que precisa organizar suas aulas, preparar as atividades que os alunos v\u00e3o fazer e selecionar os recursos que ser\u00e3o utilizados. Para que a aplica\u00e7\u00e3o de uma sequ\u00eancia de atividades seja bem organizada, \u00e9 &hellip;<\/p>\n","protected":false},"author":16,"featured_media":4625,"comment_status":"closed","ping_status":"closed","sticky":false,"template":"","format":"standard","meta":{"kt_blocks_editor_width":"","spay_email":"","footnotes":"","jetpack_publicize_message":"","jetpack_is_tweetstorm":false},"categories":[1080,257,265,170],"tags":[489,85,488],"class_list":["post-4623","post","type-post","status-publish","format-standard","has-post-thumbnail","hentry","category-acao-gestora-em-educacao-digital","category-graduacao","category-pedagogia","category-rea","tag-elaborar","tag-planejamento","tag-plano-de-aula"],"featured_image_urls":{"full":["https:\/\/i0.wp.com\/apps.univesp.br\/repositorio\/wp-content\/uploads\/2021\/03\/fb-share.png?fit=1201%2C632&ssl=1",1201,632,false],"thumbnail":["https:\/\/i0.wp.com\/apps.univesp.br\/repositorio\/wp-content\/uploads\/2021\/03\/fb-share.png?fit=150%2C79&ssl=1",150,79,true],"medium":["https:\/\/i0.wp.com\/apps.univesp.br\/repositorio\/wp-content\/uploads\/2021\/03\/fb-share.png?fit=700%2C368&ssl=1",700,368,true],"medium_large":["https:\/\/i0.wp.com\/apps.univesp.br\/repositorio\/wp-content\/uploads\/2021\/03\/fb-share.png?fit=522%2C275&ssl=1",522,275,true],"large":["https:\/\/i0.wp.com\/apps.univesp.br\/repositorio\/wp-content\/uploads\/2021\/03\/fb-share.png?fit=522%2C275&ssl=1",522,275,true],"admin-rea-thumb":["https:\/\/i0.wp.com\/apps.univesp.br\/repositorio\/wp-content\/uploads\/2021\/03\/fb-share.png?fit=100%2C53&ssl=1",100,53,true],"1536x1536":["https:\/\/i0.wp.com\/apps.univesp.br\/repositorio\/wp-content\/uploads\/2021\/03\/fb-share.png?fit=1201%2C632&ssl=1",1201,632,true],"2048x2048":["https:\/\/i0.wp.com\/apps.univesp.br\/repositorio\/wp-content\/uploads\/2021\/03\/fb-share.png?fit=1201%2C632&ssl=1",1201,632,true],"ab-block-post-grid-landscape":["https:\/\/i0.wp.com\/apps.univesp.br\/repositorio\/wp-content\/uploads\/2021\/03\/fb-share.png?resize=600%2C400&ssl=1",600,400,true],"ab-block-post-grid-square":["https:\/\/i0.wp.com\/apps.univesp.br\/repositorio\/wp-content\/uploads\/2021\/03\/fb-share.png?resize=600%2C600&ssl=1",600,600,true],"post-thumbnail":["https:\/\/i0.wp.com\/apps.univesp.br\/repositorio\/wp-content\/uploads\/2021\/03\/fb-share.png?fit=295%2C155&ssl=1",295,155,true],"septera-featured":["https:\/\/i0.wp.com\/apps.univesp.br\/repositorio\/wp-content\/uploads\/2021\/03\/fb-share.png?resize=295%2C155&ssl=1",295,155,true],"septera-featured-lp":["https:\/\/i0.wp.com\/apps.univesp.br\/repositorio\/wp-content\/uploads\/2021\/03\/fb-share.png?resize=660%2C347&ssl=1",660,347,true],"septera-featured-half":["https:\/\/i0.wp.com\/apps.univesp.br\/repositorio\/wp-content\/uploads\/2021\/03\/fb-share.png?resize=800%2C421&ssl=1",800,421,true],"septera-featured-third":["https:\/\/i0.wp.com\/apps.univesp.br\/repositorio\/wp-content\/uploads\/2021\/03\/fb-share.png?resize=512%2C269&ssl=1",512,269,true],"septera-lpbox-1":["https:\/\/i0.wp.com\/apps.univesp.br\/repositorio\/wp-content\/uploads\/2021\/03\/fb-share.png?resize=440%2C300&ssl=1",440,300,true],"septera-lpbox-2":["https:\/\/i0.wp.com\/apps.univesp.br\/repositorio\/wp-content\/uploads\/2021\/03\/fb-share.png?resize=440%2C300&ssl=1",440,300,true]},"post_excerpt_stackable":"<p>Planejar e pensar o que e como os alunos dever\u00e3o aprender faz parte da rotina do professor, que precisa organizar suas aulas, preparar as atividades que os alunos v\u00e3o fazer e selecionar os recursos que ser\u00e3o utilizados. Para que a aplica\u00e7\u00e3o de uma sequ\u00eancia de atividades seja bem organizada, \u00e9 fundamental que o professor elabore um plano de aula para ela. Um plano de aula cont\u00e9m as informa\u00e7\u00f5es referentes ao planejamento das atividades que o professor pretende aplicar em sua turma. Levando em considera\u00e7\u00e3o essa import\u00e2ncia, este recurso tem como objetivo explicar os elementos que comp\u00f5em um plano de aula,&hellip;<\/p>\n","category_list":"<a href=\"https:\/\/apps.univesp.br\/repositorio\/category\/rea\/pos-graduacao\/acao-gestora-em-educacao-digital\/\" rel=\"category tag\">A\u00e7\u00e3o Gestora em Educa\u00e7\u00e3o Digital<\/a>, <a href=\"https:\/\/apps.univesp.br\/repositorio\/category\/rea\/graduacao\/\" rel=\"category tag\">Gradua\u00e7\u00e3o<\/a>, <a href=\"https:\/\/apps.univesp.br\/repositorio\/category\/rea\/graduacao\/eixo-de-licenciatura\/pedagogia\/\" rel=\"category tag\">Pedagogia<\/a>, <a href=\"https:\/\/apps.univesp.br\/repositorio\/category\/rea\/\" rel=\"category tag\">REA<\/a>","author_info":{"display_name":"Alberto Mendes","author_link":"https:\/\/apps.univesp.br\/repositorio\/author\/alberto-mendes\/"},"comments_num":"0 coment\u00e1rio","featured_image_src":"https:\/\/i0.wp.com\/apps.univesp.br\/repositorio\/wp-content\/uploads\/2021\/03\/fb-share.png?resize=600%2C400&ssl=1","featured_image_src_square":"https:\/\/i0.wp.com\/apps.univesp.br\/repositorio\/wp-content\/uploads\/2021\/03\/fb-share.png?resize=600%2C600&ssl=1","jetpack_featured_media_url":"https:\/\/i0.wp.com\/apps.univesp.br\/repositorio\/wp-content\/uploads\/2021\/03\/fb-share.png?fit=1201%2C632&ssl=1","jetpack_publicize_connections":[],"uagb_featured_image_src":{"full":["https:\/\/i0.wp.com\/apps.univesp.br\/repositorio\/wp-content\/uploads\/2021\/03\/fb-share.png?fit=1201%2C632&ssl=1",1201,632,false],"thumbnail":["https:\/\/i0.wp.com\/apps.univesp.br\/repositorio\/wp-content\/uploads\/2021\/03\/fb-share.png?fit=150%2C79&ssl=1",150,79,true],"medium":["https:\/\/i0.wp.com\/apps.univesp.br\/repositorio\/wp-content\/uploads\/2021\/03\/fb-share.png?fit=700%2C368&ssl=1",700,368,true],"medium_large":["https:\/\/i0.wp.com\/apps.univesp.br\/repositorio\/wp-content\/uploads\/2021\/03\/fb-share.png?fit=522%2C275&ssl=1",522,275,true],"large":["https:\/\/i0.wp.com\/apps.univesp.br\/repositorio\/wp-content\/uploads\/2021\/03\/fb-share.png?fit=522%2C275&ssl=1",522,275,true],"admin-rea-thumb":["https:\/\/i0.wp.com\/apps.univesp.br\/repositorio\/wp-content\/uploads\/2021\/03\/fb-share.png?fit=100%2C53&ssl=1",100,53,true],"1536x1536":["https:\/\/i0.wp.com\/apps.univesp.br\/repositorio\/wp-content\/uploads\/2021\/03\/fb-share.png?fit=1201%2C632&ssl=1",1201,632,true],"2048x2048":["https:\/\/i0.wp.com\/apps.univesp.br\/repositorio\/wp-content\/uploads\/2021\/03\/fb-share.png?fit=1201%2C632&ssl=1",1201,632,true],"ab-block-post-grid-landscape":["https:\/\/i0.wp.com\/apps.univesp.br\/repositorio\/wp-content\/uploads\/2021\/03\/fb-share.png?resize=600%2C400&ssl=1",600,400,true],"ab-block-post-grid-square":["https:\/\/i0.wp.com\/apps.univesp.br\/repositorio\/wp-content\/uploads\/2021\/03\/fb-share.png?resize=600%2C600&ssl=1",600,600,true],"post-thumbnail":["https:\/\/i0.wp.com\/apps.univesp.br\/repositorio\/wp-content\/uploads\/2021\/03\/fb-share.png?fit=295%2C155&ssl=1",295,155,true],"septera-featured":["https:\/\/i0.wp.com\/apps.univesp.br\/repositorio\/wp-content\/uploads\/2021\/03\/fb-share.png?resize=295%2C155&ssl=1",295,155,true],"septera-featured-lp":["https:\/\/i0.wp.com\/apps.univesp.br\/repositorio\/wp-content\/uploads\/2021\/03\/fb-share.png?resize=660%2C347&ssl=1",660,347,true],"septera-featured-half":["https:\/\/i0.wp.com\/apps.univesp.br\/repositorio\/wp-content\/uploads\/2021\/03\/fb-share.png?resize=800%2C421&ssl=1",800,421,true],"septera-featured-third":["https:\/\/i0.wp.com\/apps.univesp.br\/repositorio\/wp-content\/uploads\/2021\/03\/fb-share.png?resize=512%2C269&ssl=1",512,269,true],"septera-lpbox-1":["https:\/\/i0.wp.com\/apps.univesp.br\/repositorio\/wp-content\/uploads\/2021\/03\/fb-share.png?resize=440%2C300&ssl=1",440,300,true],"septera-lpbox-2":["https:\/\/i0.wp.com\/apps.univesp.br\/repositorio\/wp-content\/uploads\/2021\/03\/fb-share.png?resize=440%2C300&ssl=1",440,300,true]},"uagb_author_info":{"display_name":"Alberto Mendes","author_link":"https:\/\/apps.univesp.br\/repositorio\/author\/alberto-mendes\/"},"uagb_comment_info":0,"uagb_excerpt":"Planejar e pensar o que e como os alunos dever\u00e3o aprender faz parte da rotina do professor, que precisa organizar suas aulas, preparar as atividades que os alunos v\u00e3o fazer e selecionar os recursos que ser\u00e3o utilizados. Para que a aplica\u00e7\u00e3o de uma sequ\u00eancia de atividades seja bem organizada, \u00e9 &hellip;","jetpack_sharing_enabled":true,"jetpack_shortlink":"https:\/\/wp.me\/pawKEk-1cz","jetpack-related-posts":[],"_links":{"self":[{"href":"https:\/\/apps.univesp.br\/repositorio\/wp-json\/wp\/v2\/posts\/4623","targetHints":{"allow":["GET"]}}],"collection":[{"href":"https:\/\/apps.univesp.br\/repositorio\/wp-json\/wp\/v2\/posts"}],"about":[{"href":"https:\/\/apps.univesp.br\/repositorio\/wp-json\/wp\/v2\/types\/post"}],"author":[{"embeddable":true,"href":"https:\/\/apps.univesp.br\/repositorio\/wp-json\/wp\/v2\/users\/16"}],"replies":[{"embeddable":true,"href":"https:\/\/apps.univesp.br\/repositorio\/wp-json\/wp\/v2\/comments?post=4623"}],"version-history":[{"count":6,"href":"https:\/\/apps.univesp.br\/repositorio\/wp-json\/wp\/v2\/posts\/4623\/revisions"}],"predecessor-version":[{"id":5545,"href":"https:\/\/apps.univesp.br\/repositorio\/wp-json\/wp\/v2\/posts\/4623\/revisions\/5545"}],"wp:featuredmedia":[{"embeddable":true,"href":"https:\/\/apps.univesp.br\/repositorio\/wp-json\/wp\/v2\/media\/4625"}],"wp:attachment":[{"href":"https:\/\/apps.univesp.br\/repositorio\/wp-json\/wp\/v2\/media?parent=4623"}],"wp:term":[{"taxonomy":"category","embeddable":true,"href":"https:\/\/apps.univesp.br\/repositorio\/wp-json\/wp\/v2\/categories?post=4623"},{"taxonomy":"post_tag","embeddable":true,"href":"https:\/\/apps.univesp.br\/repositorio\/wp-json\/wp\/v2\/tags?post=4623"}],"curies":[{"name":"wp","href":"https:\/\/api.w.org\/{rel}","templated":true}]}}